{"id":2864,"date":"2024-06-03T21:43:41","date_gmt":"2024-06-03T19:43:41","guid":{"rendered":"https:\/\/mmberriz.org\/XVI-capitulo-general\/?p=2864"},"modified":"2024-06-29T10:46:37","modified_gmt":"2024-06-29T08:46:37","slug":"dias-de-oracion-2","status":"publish","type":"post","link":"https:\/\/mmberriz.org\/XVI-capitulo-general\/dias-de-oracion-2\/","title":{"rendered":"D\u00cdAS DE ORACI\u00d3N"},"content":{"rendered":"\n<p><em><strong>EN EL PORT\u00cdCO DEL CAP\u00cdTULO<\/strong><\/em><\/p>\n\n\n\n<p>Jolanta Kafka, Religiosa Misionera Claretiana nos est\u00e1 acompa\u00f1ando en estos tres d\u00edas de oraci\u00f3n para prepararnos al Cap\u00edtulo General. <\/p>\n\n\n\n<figure class=\"wp-block-image aligncenter size-large is-resized\"><img fetchpriority=\"high\" decoding=\"async\" width=\"1024\" height=\"771\" src=\"https:\/\/mmberriz.org\/XVI-capitulo-general\/wp-content\/uploads\/sites\/2\/2024\/06\/el-portico-Jolanta-lourdes-1024x771.jpg\" alt=\"\" class=\"wp-image-2874\" style=\"width:425px;height:auto\" srcset=\"https:\/\/mmberriz.org\/XVI-capitulo-general\/wp-content\/uploads\/sites\/2\/2024\/06\/el-portico-Jolanta-lourdes-1024x771.jpg 1024w, https:\/\/mmberriz.org\/XVI-capitulo-general\/wp-content\/uploads\/sites\/2\/2024\/06\/el-portico-Jolanta-lourdes-300x226.jpg 300w, https:\/\/mmberriz.org\/XVI-capitulo-general\/wp-content\/uploads\/sites\/2\/2024\/06\/el-portico-Jolanta-lourdes-768x578.jpg 768w, https:\/\/mmberriz.org\/XVI-capitulo-general\/wp-content\/uploads\/sites\/2\/2024\/06\/el-portico-Jolanta-lourdes-1536x1157.jpg 1536w, https:\/\/mmberriz.org\/XVI-capitulo-general\/wp-content\/uploads\/sites\/2\/2024\/06\/el-portico-Jolanta-lourdes.jpg 2040w\" sizes=\"(max-width: 1024px) 100vw, 1024px\" \/><\/figure>\n\n\n\n<p>El Cap\u00edtulo es discernir en com\u00fan y en comuni\u00f3n, un lugar de escucha d\u00f3nde nos abrimos al Esp\u00edritu que hace nueva todas las cosas. <\/p>\n\n\n\n<p>En este segundo d\u00eda somos invitadas a entrar en el Cap\u00edtulo haci\u00e9ndonos cargo de este mundo herido a modo samaritano; dejarnos tocar por la realidad, buscando el querer de Dios en este momento de la historia. Llamadas a vivir desde la fuerza de la minoridad que como levadura transforma la masa; desde la relevancia de la semilla, sacando fuerza de la comunidad y de la relaci\u00f3n con Dios.<\/p>\n\n\n\n<p>En este tercer d\u00eda ahondamos en \u00abel dejarnos hacer por Dios\u00bb, pero atendiendo a sus modos de hacer; que nos permiten afinar la sensibilidad y ver d\u00f3nde Dios est\u00e1 ya actuando y secundar su obra. Dios hace liber\u00e1ndonos, al estilo de Jes\u00fas, que en el desierto se fue vaciando de sus propios proyectos y se renov\u00f3 en la apertura total al Padre. \u00bfDe Nazareth puede salir algo bueno? Recordamos como nuestra historia empez\u00f3 en lugares poco relevantes y nos preguntamos \u00bfPuede salir a\u00fan algo nuevo de esta comunidad?<\/p>\n\n\n\n<p><\/p>\n\n\n\n<p class=\"has-text-align-left\"><\/p>\n\n\n\n<figure class=\"wp-block-image size-large\"><img decoding=\"async\" width=\"1024\" height=\"542\" src=\"https:\/\/mmberriz.org\/XVI-capitulo-general\/wp-content\/uploads\/sites\/2\/2024\/06\/El-portico-wordpic-1-1024x542.jpg\" alt=\"\" class=\"wp-image-2869\" srcset=\"https:\/\/mmberriz.org\/XVI-capitulo-general\/wp-content\/uploads\/sites\/2\/2024\/06\/El-portico-wordpic-1-1024x542.jpg 1024w, https:\/\/mmberriz.org\/XVI-capitulo-general\/wp-content\/uploads\/sites\/2\/2024\/06\/El-portico-wordpic-1-300x159.jpg 300w, https:\/\/mmberriz.org\/XVI-capitulo-general\/wp-content\/uploads\/sites\/2\/2024\/06\/El-portico-wordpic-1-768x407.jpg 768w, https:\/\/mmberriz.org\/XVI-capitulo-general\/wp-content\/uploads\/sites\/2\/2024\/06\/El-portico-wordpic-1-1536x813.jpg 1536w, https:\/\/mmberriz.org\/XVI-capitulo-general\/wp-content\/uploads\/sites\/2\/2024\/06\/El-portico-wordpic-1.jpg 2048w\" sizes=\"(max-width: 1024px) 100vw, 1024px\" \/><\/figure>\n\n\n\n<figure class=\"wp-block-image size-large is-style-rounded\"><img decoding=\"async\" width=\"1024\" height=\"771\" src=\"https:\/\/mmberriz.org\/XVI-capitulo-general\/wp-content\/uploads\/sites\/2\/2024\/06\/los-debujos-de-todas-2-1024x771.jpg\" alt=\"\" class=\"wp-image-2899\" srcset=\"https:\/\/mmberriz.org\/XVI-capitulo-general\/wp-content\/uploads\/sites\/2\/2024\/06\/los-debujos-de-todas-2-1024x771.jpg 1024w, https:\/\/mmberriz.org\/XVI-capitulo-general\/wp-content\/uploads\/sites\/2\/2024\/06\/los-debujos-de-todas-2-300x226.jpg 300w, https:\/\/mmberriz.org\/XVI-capitulo-general\/wp-content\/uploads\/sites\/2\/2024\/06\/los-debujos-de-todas-2-768x578.jpg 768w, https:\/\/mmberriz.org\/XVI-capitulo-general\/wp-content\/uploads\/sites\/2\/2024\/06\/los-debujos-de-todas-2-1536x1157.jpg 1536w, https:\/\/mmberriz.org\/XVI-capitulo-general\/wp-content\/uploads\/sites\/2\/2024\/06\/los-debujos-de-todas-2.jpg 2040w\" sizes=\"(max-width: 1024px) 100vw, 1024px\" \/><\/figure>\n\n\n\n<figure class=\"wp-block-image size-large is-style-rounded\"><img loading=\"lazy\" decoding=\"async\" width=\"1024\" height=\"771\" src=\"https:\/\/mmberriz.org\/XVI-capitulo-general\/wp-content\/uploads\/sites\/2\/2024\/06\/oracion-de-visperas-1024x771.jpg\" alt=\"\" class=\"wp-image-2905\" srcset=\"https:\/\/mmberriz.org\/XVI-capitulo-general\/wp-content\/uploads\/sites\/2\/2024\/06\/oracion-de-visperas-1024x771.jpg 1024w, https:\/\/mmberriz.org\/XVI-capitulo-general\/wp-content\/uploads\/sites\/2\/2024\/06\/oracion-de-visperas-300x226.jpg 300w, https:\/\/mmberriz.org\/XVI-capitulo-general\/wp-content\/uploads\/sites\/2\/2024\/06\/oracion-de-visperas-768x578.jpg 768w, https:\/\/mmberriz.org\/XVI-capitulo-general\/wp-content\/uploads\/sites\/2\/2024\/06\/oracion-de-visperas-1536x1156.jpg 1536w, https:\/\/mmberriz.org\/XVI-capitulo-general\/wp-content\/uploads\/sites\/2\/2024\/06\/oracion-de-visperas.jpg 1600w\" sizes=\"(max-width: 1024px) 100vw, 1024px\" \/><\/figure>\n\n\n\n<figure class=\"wp-block-image size-large is-style-rounded\"><img loading=\"lazy\" decoding=\"async\" width=\"1024\" height=\"842\" src=\"https:\/\/mmberriz.org\/XVI-capitulo-general\/wp-content\/uploads\/sites\/2\/2024\/06\/las5mesas-1024x842.jpg\" alt=\"\" class=\"wp-image-2940\" srcset=\"https:\/\/mmberriz.org\/XVI-capitulo-general\/wp-content\/uploads\/sites\/2\/2024\/06\/las5mesas-1024x842.jpg 1024w, https:\/\/mmberriz.org\/XVI-capitulo-general\/wp-content\/uploads\/sites\/2\/2024\/06\/las5mesas-300x247.jpg 300w, https:\/\/mmberriz.org\/XVI-capitulo-general\/wp-content\/uploads\/sites\/2\/2024\/06\/las5mesas-768x632.jpg 768w, https:\/\/mmberriz.org\/XVI-capitulo-general\/wp-content\/uploads\/sites\/2\/2024\/06\/las5mesas-1536x1263.jpg 1536w, https:\/\/mmberriz.org\/XVI-capitulo-general\/wp-content\/uploads\/sites\/2\/2024\/06\/las5mesas.jpg 1775w\" sizes=\"(max-width: 1024px) 100vw, 1024px\" \/><\/figure>\n\n\n\n<p class=\"has-medium-font-size\">2\u00ba DIA: <\/p>\n\n\n\n<figure class=\"wp-block-image size-large\"><img loading=\"lazy\" decoding=\"async\" width=\"1024\" height=\"513\" src=\"https:\/\/mmberriz.org\/XVI-capitulo-general\/wp-content\/uploads\/sites\/2\/2024\/06\/2dayelportico-1024x513.jpg\" alt=\"\" class=\"wp-image-2946\" srcset=\"https:\/\/mmberriz.org\/XVI-capitulo-general\/wp-content\/uploads\/sites\/2\/2024\/06\/2dayelportico-1024x513.jpg 1024w, https:\/\/mmberriz.org\/XVI-capitulo-general\/wp-content\/uploads\/sites\/2\/2024\/06\/2dayelportico-300x150.jpg 300w, https:\/\/mmberriz.org\/XVI-capitulo-general\/wp-content\/uploads\/sites\/2\/2024\/06\/2dayelportico-768x384.jpg 768w, https:\/\/mmberriz.org\/XVI-capitulo-general\/wp-content\/uploads\/sites\/2\/2024\/06\/2dayelportico-1536x769.jpg 1536w, https:\/\/mmberriz.org\/XVI-capitulo-general\/wp-content\/uploads\/sites\/2\/2024\/06\/2dayelportico.jpg 2040w\" sizes=\"(max-width: 1024px) 100vw, 1024px\" \/><\/figure>\n\n\n\n<figure class=\"wp-block-image size-large\"><img loading=\"lazy\" decoding=\"async\" width=\"1024\" height=\"514\" src=\"https:\/\/mmberriz.org\/XVI-capitulo-general\/wp-content\/uploads\/sites\/2\/2024\/06\/2dayatedoorstep-1024x514.jpg\" alt=\"\" class=\"wp-image-2949\" srcset=\"https:\/\/mmberriz.org\/XVI-capitulo-general\/wp-content\/uploads\/sites\/2\/2024\/06\/2dayatedoorstep-1024x514.jpg 1024w, https:\/\/mmberriz.org\/XVI-capitulo-general\/wp-content\/uploads\/sites\/2\/2024\/06\/2dayatedoorstep-300x151.jpg 300w, https:\/\/mmberriz.org\/XVI-capitulo-general\/wp-content\/uploads\/sites\/2\/2024\/06\/2dayatedoorstep-768x386.jpg 768w, https:\/\/mmberriz.org\/XVI-capitulo-general\/wp-content\/uploads\/sites\/2\/2024\/06\/2dayatedoorstep-1536x771.jpg 1536w, https:\/\/mmberriz.org\/XVI-capitulo-general\/wp-content\/uploads\/sites\/2\/2024\/06\/2dayatedoorstep.jpg 2040w\" sizes=\"(max-width: 1024px) 100vw, 1024px\" \/><\/figure>\n","protected":false},"excerpt":{"rendered":"<p>EN EL PORT\u00cdCO DEL CAP\u00cdTULO Jolanta Kafka, Religiosa Misionera Claretiana nos est\u00e1 acompa\u00f1ando en estos tres d\u00edas de oraci\u00f3n para prepararnos al Cap\u00edtulo General. El Cap\u00edtulo es discernir en com\u00fan y en comuni\u00f3n, un lugar de escucha d\u00f3nde nos abrimos al Esp\u00edritu que hace nueva todas las cosas. En este segundo d\u00eda somos invitadas a [&hellip;]<\/p>\n","protected":false},"author":15,"featured_media":3168,"comment_status":"closed","ping_status":"open","sticky":false,"template":"","format":"standard","meta":{"footnotes":""},"categories":[15],"tags":[],"post_folder":[],"class_list":["post-2864","post","type-post","status-publish","format-standard","has-post-thumbnail","hentry","category-en-capitulo"],"_links":{"self":[{"href":"https:\/\/mmberriz.org\/XVI-capitulo-general\/wp-json\/wp\/v2\/posts\/2864","targetHints":{"allow":["GET"]}}],"collection":[{"href":"https:\/\/mmberriz.org\/XVI-capitulo-general\/wp-json\/wp\/v2\/posts"}],"about":[{"href":"https:\/\/mmberriz.org\/XVI-capitulo-general\/wp-json\/wp\/v2\/types\/post"}],"author":[{"embeddable":true,"href":"https:\/\/mmberriz.org\/XVI-capitulo-general\/wp-json\/wp\/v2\/users\/15"}],"replies":[{"embeddable":true,"href":"https:\/\/mmberriz.org\/XVI-capitulo-general\/wp-json\/wp\/v2\/comments?post=2864"}],"version-history":[{"count":37,"href":"https:\/\/mmberriz.org\/XVI-capitulo-general\/wp-json\/wp\/v2\/posts\/2864\/revisions"}],"predecessor-version":[{"id":4430,"href":"https:\/\/mmberriz.org\/XVI-capitulo-general\/wp-json\/wp\/v2\/posts\/2864\/revisions\/4430"}],"wp:featuredmedia":[{"embeddable":true,"href":"https:\/\/mmberriz.org\/XVI-capitulo-general\/wp-json\/wp\/v2\/media\/3168"}],"wp:attachment":[{"href":"https:\/\/mmberriz.org\/XVI-capitulo-general\/wp-json\/wp\/v2\/media?parent=2864"}],"wp:term":[{"taxonomy":"category","embeddable":true,"href":"https:\/\/mmberriz.org\/XVI-capitulo-general\/wp-json\/wp\/v2\/categories?post=2864"},{"taxonomy":"post_tag","embeddable":true,"href":"https:\/\/mmberriz.org\/XVI-capitulo-general\/wp-json\/wp\/v2\/tags?post=2864"},{"taxonomy":"post_folder","embeddable":true,"href":"https:\/\/mmberriz.org\/XVI-capitulo-general\/wp-json\/wp\/v2\/post_folder?post=2864"}],"curies":[{"name":"wp","href":"https:\/\/api.w.org\/{rel}","templated":true}]}}