{"id":4087,"date":"2024-06-19T18:42:37","date_gmt":"2024-06-19T16:42:37","guid":{"rendered":"https:\/\/mmberriz.org\/XVI-capitulo-general\/?p=4087"},"modified":"2024-06-21T17:49:57","modified_gmt":"2024-06-21T15:49:57","slug":"mirar-el-mundo","status":"publish","type":"post","link":"https:\/\/mmberriz.org\/XVI-capitulo-general\/mirar-el-mundo\/","title":{"rendered":"MIRAR EL MUNDO"},"content":{"rendered":"\n<p>Dia 17. En el d\u00eda de hoy nuestra hermana Filo Hirota nos acerc\u00f3 con su exposici\u00f3n a la realidad sufriente de nuestro mundo de hoy, y a preguntarnos qu\u00e9 hay detr\u00e1s, qu\u00e9 lo mueve y qu\u00e9 alternativas podemos encontrar. Somos conscientes de que, como dice Arturo Sousa, vivimos en un mundo cada vez m\u00e1s injusto y violento. Creemos que nos nuestro carisma redentor-liberador aporta esperanza.<\/p>\n\n\n\n<div class=\"wp-block-columns is-layout-flex wp-container-core-columns-is-layout-28f84493 wp-block-columns-is-layout-flex\">\n<div class=\"wp-block-column is-layout-flow wp-block-column-is-layout-flow\">\n<figure class=\"wp-block-image size-large is-resized is-style-rounded\"><img fetchpriority=\"high\" decoding=\"async\" width=\"1024\" height=\"702\" src=\"https:\/\/mmberriz.org\/XVI-capitulo-general\/wp-content\/uploads\/sites\/2\/2024\/06\/Filo-1-1024x702.jpg\" alt=\"\" class=\"wp-image-4092\" style=\"width:366px;height:auto\" srcset=\"https:\/\/mmberriz.org\/XVI-capitulo-general\/wp-content\/uploads\/sites\/2\/2024\/06\/Filo-1-1024x702.jpg 1024w, https:\/\/mmberriz.org\/XVI-capitulo-general\/wp-content\/uploads\/sites\/2\/2024\/06\/Filo-1-300x206.jpg 300w, https:\/\/mmberriz.org\/XVI-capitulo-general\/wp-content\/uploads\/sites\/2\/2024\/06\/Filo-1-768x527.jpg 768w, https:\/\/mmberriz.org\/XVI-capitulo-general\/wp-content\/uploads\/sites\/2\/2024\/06\/Filo-1-1536x1053.jpg 1536w, https:\/\/mmberriz.org\/XVI-capitulo-general\/wp-content\/uploads\/sites\/2\/2024\/06\/Filo-1.jpg 1833w\" sizes=\"(max-width: 1024px) 100vw, 1024px\" \/><\/figure>\n<\/div>\n\n\n\n<div class=\"wp-block-column is-layout-flow wp-block-column-is-layout-flow\">\n<figure class=\"wp-block-image aligncenter size-large is-style-rounded\"><img decoding=\"async\" width=\"1024\" height=\"719\" src=\"https:\/\/mmberriz.org\/XVI-capitulo-general\/wp-content\/uploads\/sites\/2\/2024\/06\/en-la-sala-con-Filo-1-1024x719.jpg\" alt=\"\" class=\"wp-image-4094\" srcset=\"https:\/\/mmberriz.org\/XVI-capitulo-general\/wp-content\/uploads\/sites\/2\/2024\/06\/en-la-sala-con-Filo-1-1024x719.jpg 1024w, https:\/\/mmberriz.org\/XVI-capitulo-general\/wp-content\/uploads\/sites\/2\/2024\/06\/en-la-sala-con-Filo-1-300x211.jpg 300w, https:\/\/mmberriz.org\/XVI-capitulo-general\/wp-content\/uploads\/sites\/2\/2024\/06\/en-la-sala-con-Filo-1-768x539.jpg 768w, https:\/\/mmberriz.org\/XVI-capitulo-general\/wp-content\/uploads\/sites\/2\/2024\/06\/en-la-sala-con-Filo-1-1536x1079.jpg 1536w, https:\/\/mmberriz.org\/XVI-capitulo-general\/wp-content\/uploads\/sites\/2\/2024\/06\/en-la-sala-con-Filo-1.jpg 2040w\" sizes=\"(max-width: 1024px) 100vw, 1024px\" \/><\/figure>\n<\/div>\n<\/div>\n","protected":false},"excerpt":{"rendered":"<p>Dia 17. En el d\u00eda de hoy nuestra hermana Filo Hirota nos acerc\u00f3 con su exposici\u00f3n a la realidad sufriente de nuestro mundo de hoy, y a preguntarnos qu\u00e9 hay detr\u00e1s, qu\u00e9 lo mueve y qu\u00e9 alternativas podemos encontrar. Somos conscientes de que, como dice Arturo Sousa, vivimos en un mundo cada vez m\u00e1s injusto [&hellip;]<\/p>\n","protected":false},"author":17,"featured_media":4092,"comment_status":"closed","ping_status":"open","sticky":false,"template":"","format":"standard","meta":{"footnotes":""},"categories":[15],"tags":[],"post_folder":[],"class_list":["post-4087","post","type-post","status-publish","format-standard","has-post-thumbnail","hentry","category-en-capitulo"],"_links":{"self":[{"href":"https:\/\/mmberriz.org\/XVI-capitulo-general\/wp-json\/wp\/v2\/posts\/4087","targetHints":{"allow":["GET"]}}],"collection":[{"href":"https:\/\/mmberriz.org\/XVI-capitulo-general\/wp-json\/wp\/v2\/posts"}],"about":[{"href":"https:\/\/mmberriz.org\/XVI-capitulo-general\/wp-json\/wp\/v2\/types\/post"}],"author":[{"embeddable":true,"href":"https:\/\/mmberriz.org\/XVI-capitulo-general\/wp-json\/wp\/v2\/users\/17"}],"replies":[{"embeddable":true,"href":"https:\/\/mmberriz.org\/XVI-capitulo-general\/wp-json\/wp\/v2\/comments?post=4087"}],"version-history":[{"count":4,"href":"https:\/\/mmberriz.org\/XVI-capitulo-general\/wp-json\/wp\/v2\/posts\/4087\/revisions"}],"predecessor-version":[{"id":4216,"href":"https:\/\/mmberriz.org\/XVI-capitulo-general\/wp-json\/wp\/v2\/posts\/4087\/revisions\/4216"}],"wp:featuredmedia":[{"embeddable":true,"href":"https:\/\/mmberriz.org\/XVI-capitulo-general\/wp-json\/wp\/v2\/media\/4092"}],"wp:attachment":[{"href":"https:\/\/mmberriz.org\/XVI-capitulo-general\/wp-json\/wp\/v2\/media?parent=4087"}],"wp:term":[{"taxonomy":"category","embeddable":true,"href":"https:\/\/mmberriz.org\/XVI-capitulo-general\/wp-json\/wp\/v2\/categories?post=4087"},{"taxonomy":"post_tag","embeddable":true,"href":"https:\/\/mmberriz.org\/XVI-capitulo-general\/wp-json\/wp\/v2\/tags?post=4087"},{"taxonomy":"post_folder","embeddable":true,"href":"https:\/\/mmberriz.org\/XVI-capitulo-general\/wp-json\/wp\/v2\/post_folder?post=4087"}],"curies":[{"name":"wp","href":"https:\/\/api.w.org\/{rel}","templated":true}]}}