{"id":4192,"date":"2024-06-20T23:27:14","date_gmt":"2024-06-20T21:27:14","guid":{"rendered":"https:\/\/mmberriz.org\/XVI-capitulo-general\/?p=4192"},"modified":"2024-06-21T10:44:27","modified_gmt":"2024-06-21T08:44:27","slug":"laicado","status":"publish","type":"post","link":"https:\/\/mmberriz.org\/XVI-capitulo-general\/laicado\/","title":{"rendered":"LAICADO"},"content":{"rendered":"\n<p class=\"has-text-align-center\">Durante estos d\u00edas contamos con la presencia de Romain, Janira, Roberto y Marta, representantes del laicado MMB. Presentan su informe que nos llena de esperanza y alegr\u00eda al ver el camino de maduraci\u00f3n, crecimiento en identidad y pertenencia. Tambi\u00e9n nos preguntamos por los desaf\u00edos y retos de caminar juntas y los sue\u00f1os que tenemos como hermanas y laicado.<\/p>\n\n\n\n<div class=\"wp-block-columns is-layout-flex wp-container-core-columns-is-layout-28f84493 wp-block-columns-is-layout-flex\">\n<div class=\"wp-block-column is-layout-flow wp-block-column-is-layout-flow\">\n<figure class=\"wp-block-image size-large is-style-rounded\"><img fetchpriority=\"high\" decoding=\"async\" width=\"1024\" height=\"879\" src=\"https:\/\/mmberriz.org\/XVI-capitulo-general\/wp-content\/uploads\/sites\/2\/2024\/06\/laicos-veranda-1024x879.jpg\" alt=\"\" class=\"wp-image-4197\" srcset=\"https:\/\/mmberriz.org\/XVI-capitulo-general\/wp-content\/uploads\/sites\/2\/2024\/06\/laicos-veranda-1024x879.jpg 1024w, https:\/\/mmberriz.org\/XVI-capitulo-general\/wp-content\/uploads\/sites\/2\/2024\/06\/laicos-veranda-300x258.jpg 300w, https:\/\/mmberriz.org\/XVI-capitulo-general\/wp-content\/uploads\/sites\/2\/2024\/06\/laicos-veranda-768x659.jpg 768w, https:\/\/mmberriz.org\/XVI-capitulo-general\/wp-content\/uploads\/sites\/2\/2024\/06\/laicos-veranda-1536x1319.jpg 1536w, https:\/\/mmberriz.org\/XVI-capitulo-general\/wp-content\/uploads\/sites\/2\/2024\/06\/laicos-veranda.jpg 1745w\" sizes=\"(max-width: 1024px) 100vw, 1024px\" \/><\/figure>\n<\/div>\n\n\n\n<div class=\"wp-block-column is-layout-flow wp-block-column-is-layout-flow\">\n<p><\/p>\n\n\n\n<figure class=\"wp-block-image size-large is-style-default\"><img decoding=\"async\" width=\"1024\" height=\"914\" src=\"https:\/\/mmberriz.org\/XVI-capitulo-general\/wp-content\/uploads\/sites\/2\/2024\/06\/laicos-todos-1-1024x914.jpg\" alt=\"\" class=\"wp-image-4199\" srcset=\"https:\/\/mmberriz.org\/XVI-capitulo-general\/wp-content\/uploads\/sites\/2\/2024\/06\/laicos-todos-1-1024x914.jpg 1024w, https:\/\/mmberriz.org\/XVI-capitulo-general\/wp-content\/uploads\/sites\/2\/2024\/06\/laicos-todos-1-300x268.jpg 300w, https:\/\/mmberriz.org\/XVI-capitulo-general\/wp-content\/uploads\/sites\/2\/2024\/06\/laicos-todos-1-768x686.jpg 768w, https:\/\/mmberriz.org\/XVI-capitulo-general\/wp-content\/uploads\/sites\/2\/2024\/06\/laicos-todos-1-1536x1371.jpg 1536w, https:\/\/mmberriz.org\/XVI-capitulo-general\/wp-content\/uploads\/sites\/2\/2024\/06\/laicos-todos-1.jpg 1706w\" sizes=\"(max-width: 1024px) 100vw, 1024px\" \/><\/figure>\n<\/div>\n<\/div>\n","protected":false},"excerpt":{"rendered":"<p>Durante estos d\u00edas contamos con la presencia de Romain, Janira, Roberto y Marta, representantes del laicado MMB. Presentan su informe que nos llena de esperanza y alegr\u00eda al ver el camino de maduraci\u00f3n, crecimiento en identidad y pertenencia. Tambi\u00e9n nos preguntamos por los desaf\u00edos y retos de caminar juntas y los sue\u00f1os que tenemos como [&hellip;]<\/p>\n","protected":false},"author":17,"featured_media":4199,"comment_status":"closed","ping_status":"open","sticky":false,"template":"","format":"standard","meta":{"footnotes":""},"categories":[15],"tags":[],"post_folder":[],"class_list":["post-4192","post","type-post","status-publish","format-standard","has-post-thumbnail","hentry","category-en-capitulo"],"_links":{"self":[{"href":"https:\/\/mmberriz.org\/XVI-capitulo-general\/wp-json\/wp\/v2\/posts\/4192","targetHints":{"allow":["GET"]}}],"collection":[{"href":"https:\/\/mmberriz.org\/XVI-capitulo-general\/wp-json\/wp\/v2\/posts"}],"about":[{"href":"https:\/\/mmberriz.org\/XVI-capitulo-general\/wp-json\/wp\/v2\/types\/post"}],"author":[{"embeddable":true,"href":"https:\/\/mmberriz.org\/XVI-capitulo-general\/wp-json\/wp\/v2\/users\/17"}],"replies":[{"embeddable":true,"href":"https:\/\/mmberriz.org\/XVI-capitulo-general\/wp-json\/wp\/v2\/comments?post=4192"}],"version-history":[{"count":3,"href":"https:\/\/mmberriz.org\/XVI-capitulo-general\/wp-json\/wp\/v2\/posts\/4192\/revisions"}],"predecessor-version":[{"id":4203,"href":"https:\/\/mmberriz.org\/XVI-capitulo-general\/wp-json\/wp\/v2\/posts\/4192\/revisions\/4203"}],"wp:featuredmedia":[{"embeddable":true,"href":"https:\/\/mmberriz.org\/XVI-capitulo-general\/wp-json\/wp\/v2\/media\/4199"}],"wp:attachment":[{"href":"https:\/\/mmberriz.org\/XVI-capitulo-general\/wp-json\/wp\/v2\/media?parent=4192"}],"wp:term":[{"taxonomy":"category","embeddable":true,"href":"https:\/\/mmberriz.org\/XVI-capitulo-general\/wp-json\/wp\/v2\/categories?post=4192"},{"taxonomy":"post_tag","embeddable":true,"href":"https:\/\/mmberriz.org\/XVI-capitulo-general\/wp-json\/wp\/v2\/tags?post=4192"},{"taxonomy":"post_folder","embeddable":true,"href":"https:\/\/mmberriz.org\/XVI-capitulo-general\/wp-json\/wp\/v2\/post_folder?post=4192"}],"curies":[{"name":"wp","href":"https:\/\/api.w.org\/{rel}","templated":true}]}}