{"id":4498,"date":"2024-07-01T20:30:12","date_gmt":"2024-07-01T18:30:12","guid":{"rendered":"https:\/\/mmberriz.org\/XVI-capitulo-general\/?p=4498"},"modified":"2024-07-01T20:30:13","modified_gmt":"2024-07-01T18:30:13","slug":"ya-tenemos-gobierno-general","status":"publish","type":"post","link":"https:\/\/mmberriz.org\/XVI-capitulo-general\/ya-tenemos-gobierno-general\/","title":{"rendered":"YA TENEMOS GOBIERNO GENERAL"},"content":{"rendered":"\n<p>En el d\u00eda de hoy hemos elegido al Gobierno General, las hermanas que nos van acompa\u00f1ar en estos seis a\u00f1os. Las Consejeras Generales son Yvette Kingubile, Ana Isabel Gonz\u00e1lez, Ana Lourdes Valenzuela y Krista Namio. La Administradora General es Dolores Rodr\u00edguez. Agradecemos su disponibilidad.<\/p>\n\n\n\n<figure class=\"wp-block-image size-large is-style-rounded\"><img fetchpriority=\"high\" decoding=\"async\" width=\"1024\" height=\"557\" src=\"https:\/\/mmberriz.org\/XVI-capitulo-general\/wp-content\/uploads\/sites\/2\/2024\/07\/CC1-1024x557.jpg\" alt=\"\" class=\"wp-image-4507\" srcset=\"https:\/\/mmberriz.org\/XVI-capitulo-general\/wp-content\/uploads\/sites\/2\/2024\/07\/CC1-1024x557.jpg 1024w, https:\/\/mmberriz.org\/XVI-capitulo-general\/wp-content\/uploads\/sites\/2\/2024\/07\/CC1-300x163.jpg 300w, https:\/\/mmberriz.org\/XVI-capitulo-general\/wp-content\/uploads\/sites\/2\/2024\/07\/CC1-768x418.jpg 768w, https:\/\/mmberriz.org\/XVI-capitulo-general\/wp-content\/uploads\/sites\/2\/2024\/07\/CC1-1536x836.jpg 1536w, https:\/\/mmberriz.org\/XVI-capitulo-general\/wp-content\/uploads\/sites\/2\/2024\/07\/CC1.jpg 2040w\" sizes=\"(max-width: 1024px) 100vw, 1024px\" \/><\/figure>\n\n\n\n<figure class=\"wp-block-image size-large is-resized is-style-rounded\"><img decoding=\"async\" width=\"1024\" height=\"531\" src=\"https:\/\/mmberriz.org\/XVI-capitulo-general\/wp-content\/uploads\/sites\/2\/2024\/07\/CC-con-GA1-1024x531.jpg\" alt=\"\" class=\"wp-image-4505\" style=\"width:727px;height:auto\" srcset=\"https:\/\/mmberriz.org\/XVI-capitulo-general\/wp-content\/uploads\/sites\/2\/2024\/07\/CC-con-GA1-1024x531.jpg 1024w, https:\/\/mmberriz.org\/XVI-capitulo-general\/wp-content\/uploads\/sites\/2\/2024\/07\/CC-con-GA1-300x156.jpg 300w, https:\/\/mmberriz.org\/XVI-capitulo-general\/wp-content\/uploads\/sites\/2\/2024\/07\/CC-con-GA1-768x398.jpg 768w, https:\/\/mmberriz.org\/XVI-capitulo-general\/wp-content\/uploads\/sites\/2\/2024\/07\/CC-con-GA1-1536x797.jpg 1536w, https:\/\/mmberriz.org\/XVI-capitulo-general\/wp-content\/uploads\/sites\/2\/2024\/07\/CC-con-GA1.jpg 1914w\" sizes=\"(max-width: 1024px) 100vw, 1024px\" \/><\/figure>\n","protected":false},"excerpt":{"rendered":"<p>En el d\u00eda de hoy hemos elegido al Gobierno General, las hermanas que nos van acompa\u00f1ar en estos seis a\u00f1os. Las Consejeras Generales son Yvette Kingubile, Ana Isabel Gonz\u00e1lez, Ana Lourdes Valenzuela y Krista Namio. La Administradora General es Dolores Rodr\u00edguez. Agradecemos su disponibilidad.<\/p>\n","protected":false},"author":17,"featured_media":4501,"comment_status":"closed","ping_status":"open","sticky":false,"template":"","format":"standard","meta":{"footnotes":""},"categories":[15],"tags":[],"post_folder":[],"class_list":["post-4498","post","type-post","status-publish","format-standard","has-post-thumbnail","hentry","category-en-capitulo"],"_links":{"self":[{"href":"https:\/\/mmberriz.org\/XVI-capitulo-general\/wp-json\/wp\/v2\/posts\/4498","targetHints":{"allow":["GET"]}}],"collection":[{"href":"https:\/\/mmberriz.org\/XVI-capitulo-general\/wp-json\/wp\/v2\/posts"}],"about":[{"href":"https:\/\/mmberriz.org\/XVI-capitulo-general\/wp-json\/wp\/v2\/types\/post"}],"author":[{"embeddable":true,"href":"https:\/\/mmberriz.org\/XVI-capitulo-general\/wp-json\/wp\/v2\/users\/17"}],"replies":[{"embeddable":true,"href":"https:\/\/mmberriz.org\/XVI-capitulo-general\/wp-json\/wp\/v2\/comments?post=4498"}],"version-history":[{"count":1,"href":"https:\/\/mmberriz.org\/XVI-capitulo-general\/wp-json\/wp\/v2\/posts\/4498\/revisions"}],"predecessor-version":[{"id":4509,"href":"https:\/\/mmberriz.org\/XVI-capitulo-general\/wp-json\/wp\/v2\/posts\/4498\/revisions\/4509"}],"wp:featuredmedia":[{"embeddable":true,"href":"https:\/\/mmberriz.org\/XVI-capitulo-general\/wp-json\/wp\/v2\/media\/4501"}],"wp:attachment":[{"href":"https:\/\/mmberriz.org\/XVI-capitulo-general\/wp-json\/wp\/v2\/media?parent=4498"}],"wp:term":[{"taxonomy":"category","embeddable":true,"href":"https:\/\/mmberriz.org\/XVI-capitulo-general\/wp-json\/wp\/v2\/categories?post=4498"},{"taxonomy":"post_tag","embeddable":true,"href":"https:\/\/mmberriz.org\/XVI-capitulo-general\/wp-json\/wp\/v2\/tags?post=4498"},{"taxonomy":"post_folder","embeddable":true,"href":"https:\/\/mmberriz.org\/XVI-capitulo-general\/wp-json\/wp\/v2\/post_folder?post=4498"}],"curies":[{"name":"wp","href":"https:\/\/api.w.org\/{rel}","templated":true}]}}